{"id":271,"date":"2018-10-28T03:24:29","date_gmt":"2018-10-28T01:24:29","guid":{"rendered":"http:\/\/www.thedreammakers.at\/?p=271"},"modified":"2020-02-27T17:54:08","modified_gmt":"2020-02-27T15:54:08","slug":"klassik-and-more-kinga-vass-friends","status":"publish","type":"post","link":"http:\/\/www.thedreammakers.at\/?p=271","title":{"rendered":"Sa 17 November 2018 11:00 Uhr \/ KLASSIK AND MORE Kinga Vass &#038; Friends"},"content":{"rendered":"<header class=\"portletHeader\">\n<h2>Kinga Vass &amp; Friends<\/h2>\n<\/header>\n<div class=\"portletContent\">\n<div>\n<section class=\"abstract\">\n<p class=\"description\">Eine bunte Mischung von Klassik bis hin zu Tanzmusik.<\/p>\n<div id=\"moreinfoc61e0e729c664ad5a06840f2785e7aad\" class=\"collapse\">\n<div class=\"text\">\n<p>Die Konzertmeisterin der B\u00fchne Baden spielt ein musikalisch vielf\u00e4ltiges, am\u00fcsantes Jubil\u00e4umskonzert mit ihren Freunden aus der Musikszene.<\/p>\n<p>The Dream Makers:<\/p>\n<p>Bertl Mayer \u2013 Chromatische Mundharmonika<br \/>\nMarcus Ratka \u2013 Gitarre<br \/>\nKristof Sziman \u2013 Bass<br \/>\nDani Piedl \u2013 Schlagzeug<\/p>\n<\/div>\n<\/div>\n<\/section>\n<\/div>\n<\/div>\n<p>&nbsp;<\/p>\n<p>&nbsp;<\/p>\n<p><time class=\"\"><span class=\"weekday\"><span class=\"short-weekday\">Sa<\/span>\u00a0<\/span><span class=\"day\"><span class=\"numeric-day-zero-prefixed\">17<\/span>\u00a0<\/span><span class=\"month\"><span class=\"long-month\">November<\/span>\u00a0<\/span><span class=\"year\"><span class=\"numeric-long-year\">2018<\/span>\u00a0<\/span><span class=\"time\"><span class=\"hour-zero-prefixed\">11<\/span>\u00a0<span class=\"minute\">00<\/span>\u00a0<span class=\"time-postfix\">Uhr<\/span>\u00a0<\/span><\/time><span class=\"room max-reinhardt-foyer\">Max-Reinhardt-Foyer<\/span><\/p>\n<p>B\u00dcHNE BADEN<br \/>\nTheaterplatz 7, A-2500 Baden<\/p>\n<p>&nbsp;<\/p>\n<p>ticket:<\/p>\n<p>https:\/\/www.buehnebaden.at\/de\/spielplan-und-karten\/250-klassik-and-more-kinga-vass-friend\/2018-11-17-11h00\/tickets.html<\/p>\n","protected":false},"excerpt":{"rendered":"<p>Kinga Vass &amp; Friends Eine bunte Mischung von Klassik bis hin zu Tanzmusik. Die Konzertmeisterin der B\u00fchne Baden spielt ein musikalisch vielf\u00e4ltiges, am\u00fcsantes Jubil\u00e4umskonzert mit ihren Freunden aus der Musikszene. The Dream Makers: Bertl Mayer \u2013 Chromatische Mundharmonika Marcus Ratka \u2013 Gitarre Kristof Sziman \u2013 Bass Dani Piedl \u2013 Schlagzeug &nbsp; &nbsp; Sa\u00a017\u00a0November\u00a02018\u00a011\u00a000\u00a0Uhr\u00a0Max-Reinhardt-Foyer B\u00dcHNE BADEN [&hellip;]<\/p>\n","protected":false},"author":2,"featured_media":0,"comment_status":"closed","ping_status":"closed","sticky":false,"template":"","format":"standard","meta":{"footnotes":""},"categories":[1],"tags":[],"class_list":["post-271","post","type-post","status-publish","format-standard","hentry","category-allgemein"],"_links":{"self":[{"href":"http:\/\/www.thedreammakers.at\/index.php?rest_route=\/wp\/v2\/posts\/271","targetHints":{"allow":["GET"]}}],"collection":[{"href":"http:\/\/www.thedreammakers.at\/index.php?rest_route=\/wp\/v2\/posts"}],"about":[{"href":"http:\/\/www.thedreammakers.at\/index.php?rest_route=\/wp\/v2\/types\/post"}],"author":[{"embeddable":true,"href":"http:\/\/www.thedreammakers.at\/index.php?rest_route=\/wp\/v2\/users\/2"}],"replies":[{"embeddable":true,"href":"http:\/\/www.thedreammakers.at\/index.php?rest_route=%2Fwp%2Fv2%2Fcomments&post=271"}],"version-history":[{"count":4,"href":"http:\/\/www.thedreammakers.at\/index.php?rest_route=\/wp\/v2\/posts\/271\/revisions"}],"predecessor-version":[{"id":275,"href":"http:\/\/www.thedreammakers.at\/index.php?rest_route=\/wp\/v2\/posts\/271\/revisions\/275"}],"wp:attachment":[{"href":"http:\/\/www.thedreammakers.at\/index.php?rest_route=%2Fwp%2Fv2%2Fmedia&parent=271"}],"wp:term":[{"taxonomy":"category","embeddable":true,"href":"http:\/\/www.thedreammakers.at\/index.php?rest_route=%2Fwp%2Fv2%2Fcategories&post=271"},{"taxonomy":"post_tag","embeddable":true,"href":"http:\/\/www.thedreammakers.at\/index.php?rest_route=%2Fwp%2Fv2%2Ftags&post=271"}],"curies":[{"name":"wp","href":"https:\/\/api.w.org\/{rel}","templated":true}]}}